{"id":989,"date":"2008-05-03T18:45:32","date_gmt":"2008-05-03T18:45:32","guid":{"rendered":"http:\/\/www.larsandersjohansson.se\/wordpress\/?p=989"},"modified":"2008-05-03T18:45:32","modified_gmt":"2008-05-03T18:45:32","slug":"en-vandringsvisa","status":"publish","type":"post","link":"https:\/\/www.larsandersjohansson.se\/?p=989","title":{"rendered":"En vandringsvisa"},"content":{"rendered":"<h2 id=\"poetryhead\" align=\"center\">TRUBADUREN<\/h2>\n<div>\n<div align=\"center\"> \u00a0\u00a0\u00a0Jag ska bli en egen trubadur<br \/> som spelar sj\u00e4lv p\u00e5 min gitarr<br \/> de visor som i moll och dur<br \/> jag komponerat och gett arr.<br \/> Jag ska spela dem f\u00f6r var och en<br \/> Som \u00f6nskar lyssna till min s\u00e5ng<br \/> och lycklig ska jag sova sen<br \/> i vetskap att min v\u00e4g \u00e4r l\u00e5ng.<\/p>\n<p> Jag ska l\u00e4mna tyngande bagage,<br \/> min vandring ska bli l\u00e4tt och fri,<br \/> f\u00f6rbi vart statiskt ekipage<br \/> och leran som de fastnat i.<br \/> Ska h\u00f6ja blicken upp mot skyn<br \/> d\u00e4r solen skiner varm och blid<br \/> och v\u00e4rmer mina \u00f6gonbryn<br \/> h\u00e4r i min fria vandringstid.<\/p>\n<p> Jag ska g\u00e5 min str\u00e5t i vetskap om<br \/> att v\u00e4gen kan bli ensamt l\u00e5ng<br \/> men frestelsen att v\u00e4nda om<br \/> den ska jag motst\u00e5 g\u00e5ng p\u00e5 g\u00e5ng.<br \/> Ska t\u00e4nka n\u00e4r jag huttrar kall<br \/> med kappan kring min svultna kropp<br \/> vid roten av en knotig tall<br \/> p\u00e5 m\u00e5let som jag ej ger opp.<\/p>\n<p> Alla flickor som jag m\u00f6tte har<br \/> jag l\u00e4mnat hastigt var och en<br \/> ty alla ville h\u00e5lla kvar<br \/> mig, f\u00e5 mig avst\u00e5 vandringen.<br \/> En loppfri s\u00e4ng, ett m\u00e5l med mat<br \/> det tar jag tacksamt alla dar<br \/> men vill du bli min f\u00e4rdkamrat<br \/> s\u00e5 f\u00e5r du l\u00e4mna allt du har.<\/p>\n<p> Ty, jag \u00e4r min egen trubadur<br \/> som spelar sj\u00e4lv p\u00e5 min gitarr<br \/> de visor som i moll och dur<br \/> jag komponerat och gett arr.<br \/> Fast vandringen \u00e4r ensamt l\u00e5ng<br \/> och barkbr\u00f6d just nu \u00e4r min lott<br \/> s\u00e5 vet jag att jag n\u00e5gon g\u00e5ng<br \/> ska v\u00e4rma mig i kungens slott.<\/div>\n<p><em><br \/><\/em><\/p>\n<div align=\"right\"><em>Lars Anders Johansson<\/em><\/div>\n<\/div>\n","protected":false},"excerpt":{"rendered":"<p>TRUBADUREN \u00a0\u00a0\u00a0Jag ska bli en egen trubadur som spelar sj\u00e4lv p\u00e5 min gitarr de visor som i moll och dur jag komponerat och gett arr. Jag ska spela dem f\u00f6r[&#8230;]<\/p>\n","protected":false},"author":1,"featured_media":0,"comment_status":"open","ping_status":"open","sticky":false,"template":"","format":"standard","meta":{"ngg_post_thumbnail":0,"jetpack_publicize_message":"","jetpack_is_tweetstorm":false,"jetpack_publicize_feature_enabled":true,"jetpack_social_post_already_shared":false,"jetpack_social_options":{"image_generator_settings":{"template":"highway","enabled":false}}},"categories":[9],"tags":[],"jetpack_publicize_connections":[],"jetpack_featured_media_url":"","_links":{"self":[{"href":"https:\/\/www.larsandersjohansson.se\/index.php?rest_route=\/wp\/v2\/posts\/989"}],"collection":[{"href":"https:\/\/www.larsandersjohansson.se\/index.php?rest_route=\/wp\/v2\/posts"}],"about":[{"href":"https:\/\/www.larsandersjohansson.se\/index.php?rest_route=\/wp\/v2\/types\/post"}],"author":[{"embeddable":true,"href":"https:\/\/www.larsandersjohansson.se\/index.php?rest_route=\/wp\/v2\/users\/1"}],"replies":[{"embeddable":true,"href":"https:\/\/www.larsandersjohansson.se\/index.php?rest_route=%2Fwp%2Fv2%2Fcomments&post=989"}],"version-history":[{"count":0,"href":"https:\/\/www.larsandersjohansson.se\/index.php?rest_route=\/wp\/v2\/posts\/989\/revisions"}],"wp:attachment":[{"href":"https:\/\/www.larsandersjohansson.se\/index.php?rest_route=%2Fwp%2Fv2%2Fmedia&parent=989"}],"wp:term":[{"taxonomy":"category","embeddable":true,"href":"https:\/\/www.larsandersjohansson.se\/index.php?rest_route=%2Fwp%2Fv2%2Fcategories&post=989"},{"taxonomy":"post_tag","embeddable":true,"href":"https:\/\/www.larsandersjohansson.se\/index.php?rest_route=%2Fwp%2Fv2%2Ftags&post=989"}],"curies":[{"name":"wp","href":"https:\/\/api.w.org\/{rel}","templated":true}]}}